{"id":36176,"date":"2025-09-24T09:38:27","date_gmt":"2025-09-24T09:38:27","guid":{"rendered":"https:\/\/cadelsrl.com\/?p=36176"},"modified":"2025-09-29T12:27:19","modified_gmt":"2025-09-29T12:27:19","slug":"nouveaux-poeles-cadel-2025-granules-bois","status":"publish","type":"post","link":"https:\/\/cadelsrl.com\/fr\/journal\/nouveaux-poeles-cadel-2025-granules-bois\/","title":{"rendered":"Nouveaux po\u00eales Cadel 2025 : design, praticit\u00e9 et technologie \u00e0 granul\u00e9s et au bois"},"content":{"rendered":"","protected":false},"excerpt":{"rendered":"","protected":false},"author":560,"featured_media":36269,"comment_status":"open","ping_status":"open","sticky":false,"template":"","format":"standard","meta":{"_acf_changed":false,"inline_featured_image":false,"footnotes":""},"categories":[16],"tags":[],"class_list":["post-36176","post","type-post","status-publish","format-standard","has-post-thumbnail","hentry","category-non-classifiee"],"acf":[],"_links":{"self":[{"href":"https:\/\/cadelsrl.com\/fr\/wp-json\/wp\/v2\/posts\/36176","targetHints":{"allow":["GET"]}}],"collection":[{"href":"https:\/\/cadelsrl.com\/fr\/wp-json\/wp\/v2\/posts"}],"about":[{"href":"https:\/\/cadelsrl.com\/fr\/wp-json\/wp\/v2\/types\/post"}],"author":[{"embeddable":true,"href":"https:\/\/cadelsrl.com\/fr\/wp-json\/wp\/v2\/users\/560"}],"replies":[{"embeddable":true,"href":"https:\/\/cadelsrl.com\/fr\/wp-json\/wp\/v2\/comments?post=36176"}],"version-history":[{"count":10,"href":"https:\/\/cadelsrl.com\/fr\/wp-json\/wp\/v2\/posts\/36176\/revisions"}],"predecessor-version":[{"id":36279,"href":"https:\/\/cadelsrl.com\/fr\/wp-json\/wp\/v2\/posts\/36176\/revisions\/36279"}],"wp:featuredmedia":[{"embeddable":true,"href":"https:\/\/cadelsrl.com\/fr\/wp-json\/wp\/v2\/media\/36269"}],"wp:attachment":[{"href":"https:\/\/cadelsrl.com\/fr\/wp-json\/wp\/v2\/media?parent=36176"}],"wp:term":[{"taxonomy":"category","embeddable":true,"href":"https:\/\/cadelsrl.com\/fr\/wp-json\/wp\/v2\/categories?post=36176"},{"taxonomy":"post_tag","embeddable":true,"href":"https:\/\/cadelsrl.com\/fr\/wp-json\/wp\/v2\/tags?post=36176"}],"curies":[{"name":"wp","href":"https:\/\/api.w.org\/{rel}","templated":true}]}}