{"id":29302,"date":"2024-08-20T10:07:21","date_gmt":"2024-08-20T10:07:21","guid":{"rendered":"https:\/\/cadelsrl.com\/?p=29302"},"modified":"2024-08-20T10:14:47","modified_gmt":"2024-08-20T10:14:47","slug":"acheter-des-pellets-en-palettes-pratique-et-utile","status":"publish","type":"post","link":"https:\/\/cadelsrl.com\/fr\/journal\/acheter-des-pellets-en-palettes-pratique-et-utile\/","title":{"rendered":"Les granul\u00e9s en palettes : commodit\u00e9 et praticit\u00e9 tout au long de l&#8217;hiver"},"content":{"rendered":"","protected":false},"excerpt":{"rendered":"","protected":false},"author":552,"featured_media":29307,"comment_status":"open","ping_status":"open","sticky":false,"template":"","format":"standard","meta":{"_acf_changed":false,"inline_featured_image":false,"footnotes":""},"categories":[16],"tags":[],"class_list":["post-29302","post","type-post","status-publish","format-standard","has-post-thumbnail","hentry","category-non-classifiee"],"acf":[],"_links":{"self":[{"href":"https:\/\/cadelsrl.com\/fr\/wp-json\/wp\/v2\/posts\/29302","targetHints":{"allow":["GET"]}}],"collection":[{"href":"https:\/\/cadelsrl.com\/fr\/wp-json\/wp\/v2\/posts"}],"about":[{"href":"https:\/\/cadelsrl.com\/fr\/wp-json\/wp\/v2\/types\/post"}],"author":[{"embeddable":true,"href":"https:\/\/cadelsrl.com\/fr\/wp-json\/wp\/v2\/users\/552"}],"replies":[{"embeddable":true,"href":"https:\/\/cadelsrl.com\/fr\/wp-json\/wp\/v2\/comments?post=29302"}],"version-history":[{"count":4,"href":"https:\/\/cadelsrl.com\/fr\/wp-json\/wp\/v2\/posts\/29302\/revisions"}],"predecessor-version":[{"id":29306,"href":"https:\/\/cadelsrl.com\/fr\/wp-json\/wp\/v2\/posts\/29302\/revisions\/29306"}],"wp:featuredmedia":[{"embeddable":true,"href":"https:\/\/cadelsrl.com\/fr\/wp-json\/wp\/v2\/media\/29307"}],"wp:attachment":[{"href":"https:\/\/cadelsrl.com\/fr\/wp-json\/wp\/v2\/media?parent=29302"}],"wp:term":[{"taxonomy":"category","embeddable":true,"href":"https:\/\/cadelsrl.com\/fr\/wp-json\/wp\/v2\/categories?post=29302"},{"taxonomy":"post_tag","embeddable":true,"href":"https:\/\/cadelsrl.com\/fr\/wp-json\/wp\/v2\/tags?post=29302"}],"curies":[{"name":"wp","href":"https:\/\/api.w.org\/{rel}","templated":true}]}}